{"id":7089,"date":"2018-05-07T06:51:10","date_gmt":"2018-05-07T06:51:10","guid":{"rendered":"http:\/\/seasplash-festival.com\/?p=7089"},"modified":"2018-05-07T06:51:10","modified_gmt":"2018-05-07T06:51:10","slug":"stand-u-kotacu-open-mic-vecer-vol","status":"publish","type":"post","link":"https:\/\/seasplash-festival.com\/en\/kotac\/stand-u-kotacu-open-mic-vecer-vol\/","title":{"rendered":"Stand up u Kota\u010du: Open mic ve\u010der Vol."},"content":{"rendered":"<p><img loading=\"lazy\" src=\"http:\/\/seasplash-festival.com\/wp-content\/uploads\/2018\/05\/Stand-up-u-Kotacu-Open-mic-vecer-Vol.-4-1024x684.jpg\" alt=\"Stand up u Kota\u010du Open mic ve\u010der Vol. 4\" width=\"1024\" height=\"684\" class=\"alignnone size-large wp-image-7091 img-responsive\" srcset=\"https:\/\/seasplash-festival.com\/wp-content\/uploads\/2018\/05\/Stand-up-u-Kotacu-Open-mic-vecer-Vol.-4-1024x684.jpg 1024w, https:\/\/seasplash-festival.com\/wp-content\/uploads\/2018\/05\/Stand-up-u-Kotacu-Open-mic-vecer-Vol.-4-300x200.jpg 300w, https:\/\/seasplash-festival.com\/wp-content\/uploads\/2018\/05\/Stand-up-u-Kotacu-Open-mic-vecer-Vol.-4-768x513.jpg 768w, https:\/\/seasplash-festival.com\/wp-content\/uploads\/2018\/05\/Stand-up-u-Kotacu-Open-mic-vecer-Vol.-4-130x87.jpg 130w, https:\/\/seasplash-festival.com\/wp-content\/uploads\/2018\/05\/Stand-up-u-Kotacu-Open-mic-vecer-Vol.-4.jpg 1280w\" sizes=\"(max-width: 1024px) 100vw, 1024px\" \/><\/p>\n<p><strong>\u010cetvrtak 24.05.2018. u 21h<br \/>\nUlaz: slobodan<\/strong><\/p>\n<p>\u010cujte i po\u010dujte, na vidiku \u010detvrto izdanje Stand Up: Open mic ve\u010deri u Kota\u010du!<br \/>\nPo prvi puta ve\u010der \u0107e se odr\u017eati na otvorenom, u unutarnjem dvori\u0161tu Rojca, &#8211; u Kota\u010devom kutku! Sada \u0107e biti dovoljno mjesta za Vas ljubitelje prave komedije i dobre zabave. Dolaze nam gosti komi\u010dari iz svih dijelova Hrvatske, a nadamo se i nove lokalne komi\u010darske snage, uz ve\u0107 poznate pulske open-micovce Andreu i Stefana.<\/p>\n<p>Stand up ve\u010der otvorenog mikrofona okuplja komi\u010dare i sve one koji to \u017eele postati. Ve\u010deri otvorenog mikrofona pru\u017eaju priliku svima da probaju biti duhoviti barem 5 minuta. Oni iskusniji ka\u017eu da, kad \u010dovjek jednom stane ispred mikrofona, ostaje zaljubljen u stand up. Oni pak drugi shvate da to i nije za njih, ali zato u\u017eivaju u tu\u0111em humoru. Isto dobro! Tako\u0111er, ovo je jedinstvena prilika za dobiti okladu.<\/p>\n<p><strong>Stand up ve\u010deri imaju i pravila:<\/strong><br \/>\n1. Materijal mora biti isklju\u010divo autorski (vlastiti).<br \/>\n2. Trajanje nastupa je: 5-8 minuta.<br \/>\n3. Nema pri\u010danja viceva. <\/p>\n<p>Svi zainteresirani mogu se prijaviti porukom u inbox Kluba Kota\u010d ili u samom Kota\u010du 30 minuta prije po\u010detka programa.<\/p>\n<p>Voditelj ve\u010deri je, ni pet ni \u0161est, nego <strong>Vidmarijo Ra\u0161i\u0107.<\/strong><\/p>\n<p style=\"text-align: center;\"><a class=\"btn btn-lg btn-primary\" href=\"https:\/\/www.facebook.com\/events\/1793608074058851\/\" target=\"_blank\">Facebook Event<\/a><\/p>\n","protected":false},"excerpt":{"rendered":"<p>\u010cetvrtak 24.05.2018. u 21h Ulaz: slobodan \u010cujte i po\u010dujte, na vidiku \u010detvrto izdanje Stand Up: Open mic ve\u010deri u Kota\u010du! Po prvi puta ve\u010der \u0107e se odr\u017eati na otvorenom, u unutarnjem dvori\u0161tu Rojca, &#8211; u Kota\u010devom kutku! Sada \u0107e biti dovoljno mjesta za Vas ljubitelje prave komedije i dobre zabave. Dolaze nam gosti komi\u010dari iz svih dijelova Hrvatske, a nadamo se i nove lokalne komi\u010darske snage, uz ve\u0107 poznate pulske open-micovce Andreu i Stefana. Stand up ve\u010der otvorenog mikrofona okuplja komi\u010dare i sve one koji to \u017eele postati. Ve\u010deri otvorenog mikrofona pru\u017eaju priliku svima da probaju biti duhoviti barem 5&hellip;<\/p>\n","protected":false},"author":1,"featured_media":7091,"comment_status":"closed","ping_status":"closed","sticky":false,"template":"","format":"standard","meta":[],"categories":[104],"tags":[],"_links":{"self":[{"href":"https:\/\/seasplash-festival.com\/en\/wp-json\/wp\/v2\/posts\/7089"}],"collection":[{"href":"https:\/\/seasplash-festival.com\/en\/wp-json\/wp\/v2\/posts"}],"about":[{"href":"https:\/\/seasplash-festival.com\/en\/wp-json\/wp\/v2\/types\/post"}],"author":[{"embeddable":true,"href":"https:\/\/seasplash-festival.com\/en\/wp-json\/wp\/v2\/users\/1"}],"replies":[{"embeddable":true,"href":"https:\/\/seasplash-festival.com\/en\/wp-json\/wp\/v2\/comments?post=7089"}],"version-history":[{"count":0,"href":"https:\/\/seasplash-festival.com\/en\/wp-json\/wp\/v2\/posts\/7089\/revisions"}],"wp:featuredmedia":[{"embeddable":true,"href":"https:\/\/seasplash-festival.com\/en\/wp-json\/wp\/v2\/media\/7091"}],"wp:attachment":[{"href":"https:\/\/seasplash-festival.com\/en\/wp-json\/wp\/v2\/media?parent=7089"}],"wp:term":[{"taxonomy":"category","embeddable":true,"href":"https:\/\/seasplash-festival.com\/en\/wp-json\/wp\/v2\/categories?post=7089"},{"taxonomy":"post_tag","embeddable":true,"href":"https:\/\/seasplash-festival.com\/en\/wp-json\/wp\/v2\/tags?post=7089"}],"curies":[{"name":"wp","href":"https:\/\/api.w.org\/{rel}","templated":true}]}}